{"id":31079,"date":"2026-08-31T09:50:18","date_gmt":"2026-08-31T07:50:18","guid":{"rendered":"https:\/\/www.janoskorhaz.hu\/?p=31079"},"modified":"2026-08-31T09:51:34","modified_gmt":"2026-08-31T07:51:34","slug":"megujultak-gyermeksebeszeti-es-traumatologiai-osztalyunk-mutoi","status":"publish","type":"post","link":"https:\/\/www.janoskorhaz.hu\/en\/2026\/08\/31\/megujultak-gyermeksebeszeti-es-traumatologiai-osztalyunk-mutoi\/","title":{"rendered":"Meg\u00fajultak Gyermekseb\u00e9szeti \u00e9s Traumatol\u00f3giai Oszt\u00e1lyunk m\u0171t\u0151i"},"content":{"rendered":"<div data-elementor-type=\"wp-post\" data-elementor-id=\"31079\" class=\"elementor elementor-31079\" data-elementor-post-type=\"post\">\n\t\t\t\t\t\t<section data-particle_enable=\"false\" data-particle-mobile-disabled=\"false\" class=\"elementor-section elementor-top-section elementor-element elementor-element-6b6df8d elementor-section-boxed elementor-section-height-default elementor-section-height-default\" data-id=\"6b6df8d\" data-element_type=\"section\" data-e-type=\"section\">\n\t\t\t\t\t\t<div class=\"elementor-container elementor-column-gap-default\">\n\t\t\t\t\t<div class=\"elementor-column elementor-col-100 elementor-top-column elementor-element elementor-element-6a528bf\" data-id=\"6a528bf\" data-element_type=\"column\" data-e-type=\"column\">\n\t\t\t<div class=\"elementor-widget-wrap elementor-element-populated\">\n\t\t\t\t\t\t<div class=\"elementor-element elementor-element-d52ca5d elementor-widget elementor-widget-text-editor\" data-id=\"d52ca5d\" data-element_type=\"widget\" data-e-type=\"widget\" data-widget_type=\"text-editor.default\">\n\t\t\t\t<div class=\"elementor-widget-container\">\n\t\t\t\t\t\t\t\t\t<div dir=\"auto\">A korm\u00e1nyzati h\u0171t\u00e9s-rekonstrukci\u00f3s program keret\u00e9ben, a K\u00f6zbeszerz\u00e9si \u00e9s Ell\u00e1t\u00e1si F\u0151igazgat\u00f3s\u00e1g szervez\u00e9s\u00e9ben korszer\u0171s\u00edtett\u00e9k a m\u0171t\u0151blokkot, valamint a Gyermek Intenz\u00edv Oszt\u00e1ly l\u00e9gtechnikai rendszer\u00e9t, \u00edgy 2026.08.28-t\u00f3l \u00fajra teljes \u00fczemben m\u0171k\u00f6dik Gyermekseb\u00e9szeti \u00e9s Traumatol\u00f3giai Oszt\u00e1lyunk.<\/div>\n<div dir=\"auto\">Az el\u0151re tervezett fel\u00faj\u00edt\u00e1s alatti r\u00e9szleges lemond\u00e1st k\u00f6vet\u0151en 2026.08.28-t\u00f3l&nbsp;&nbsp;a teljes, komplex m\u0171t\u00e9ti ell\u00e1t\u00e1st \u00e9s \u00fcgyeletet visszavett\u00fck.<\/div>\n<div dir=\"auto\">K\u00f6sz\u00f6nj\u00fck betegeink \u00e9s hozz\u00e1tartoz\u00f3ik t\u00fcrelm\u00e9t, koll\u00e9g\u00e1ink kitart\u00f3 munk\u00e1j\u00e1t, valamint a helyettes\u00edt\u0151 int\u00e9zm\u00e9nyek seg\u00edts\u00e9g\u00e9t!<\/div>\t\t\t\t\t\t\t\t<\/div>\n\t\t\t\t<\/div>\n\t\t\t\t\t<\/div>\n\t\t<\/div>\n\t\t\t\t\t<\/div>\n\t\t<\/section>\n\t\t\t\t<\/div>","protected":false},"excerpt":{"rendered":"<p>A korm\u00e1nyzati h\u0171t\u00e9s-rekonstrukci\u00f3s program keret\u00e9ben, a K\u00f6zbeszerz\u00e9si \u00e9s Ell\u00e1t\u00e1si F\u0151igazgat\u00f3s\u00e1g szervez\u00e9s\u00e9ben korszer\u0171s\u00edtett\u00e9k a m\u0171t\u0151blokkot, valamint a Gyermek Intenz\u00edv Oszt\u00e1ly l\u00e9gtechnikai rendszer\u00e9t, \u00edgy 2026.08.28-t\u00f3l \u00fajra teljes \u00fczemben m\u0171k\u00f6dik Gyermekseb\u00e9szeti \u00e9s Traumatol\u00f3giai Oszt\u00e1lyunk. Az el\u0151re tervezett fel\u00faj\u00edt\u00e1s alatti r\u00e9szleges lemond\u00e1st k\u00f6vet\u0151en 2026.08.28-t\u00f3l&nbsp;&nbsp;a teljes, komplex m\u0171t\u00e9ti ell\u00e1t\u00e1st \u00e9s \u00fcgyeletet visszavett\u00fck. K\u00f6sz\u00f6nj\u00fck betegeink \u00e9s hozz\u00e1tartoz\u00f3ik t\u00fcrelm\u00e9t, koll\u00e9g\u00e1ink kitart\u00f3 munk\u00e1j\u00e1t, [&hellip;]<\/p>\n","protected":false},"author":4,"featured_media":31080,"comment_status":"closed","ping_status":"closed","sticky":false,"template":"","format":"standard","meta":{"_acf_changed":false,"_eb_attr":"","inline_featured_image":false,"footnotes":"","_links_to":"","_links_to_target":""},"categories":[1],"tags":[],"class_list":["post-31079","post","type-post","status-publish","format-standard","has-post-thumbnail","hentry","category-hirek"],"acf":[],"publishpress_future_workflow_manual_trigger":{"enabledWorkflows":[]},"_links":{"self":[{"href":"https:\/\/www.janoskorhaz.hu\/en\/wp-json\/wp\/v2\/posts\/31079","targetHints":{"allow":["GET"]}}],"collection":[{"href":"https:\/\/www.janoskorhaz.hu\/en\/wp-json\/wp\/v2\/posts"}],"about":[{"href":"https:\/\/www.janoskorhaz.hu\/en\/wp-json\/wp\/v2\/types\/post"}],"author":[{"embeddable":true,"href":"https:\/\/www.janoskorhaz.hu\/en\/wp-json\/wp\/v2\/users\/4"}],"replies":[{"embeddable":true,"href":"https:\/\/www.janoskorhaz.hu\/en\/wp-json\/wp\/v2\/comments?post=31079"}],"version-history":[{"count":4,"href":"https:\/\/www.janoskorhaz.hu\/en\/wp-json\/wp\/v2\/posts\/31079\/revisions"}],"predecessor-version":[{"id":31085,"href":"https:\/\/www.janoskorhaz.hu\/en\/wp-json\/wp\/v2\/posts\/31079\/revisions\/31085"}],"wp:featuredmedia":[{"embeddable":true,"href":"https:\/\/www.janoskorhaz.hu\/en\/wp-json\/wp\/v2\/media\/31080"}],"wp:attachment":[{"href":"https:\/\/www.janoskorhaz.hu\/en\/wp-json\/wp\/v2\/media?parent=31079"}],"wp:term":[{"taxonomy":"category","embeddable":true,"href":"https:\/\/www.janoskorhaz.hu\/en\/wp-json\/wp\/v2\/categories?post=31079"},{"taxonomy":"post_tag","embeddable":true,"href":"https:\/\/www.janoskorhaz.hu\/en\/wp-json\/wp\/v2\/tags?post=31079"}],"curies":[{"name":"wp","href":"https:\/\/api.w.org\/{rel}","templated":true}]}}